{"id":148,"global_id":"speakingred.de?id=148","global_id_lineage":["speakingred.de?id=148"],"author":"1","status":"publish","date":"2022-08-18 22:29:38","date_utc":"2022-08-18 20:29:38","modified":"2022-09-18 08:40:29","modified_utc":"2022-09-18 06:40:29","url":"https:\/\/speakingred.de\/?tribe_events=islamische-dachverbaende-zwischen-antisemitismus-und-islamismus","rest_url":"https:\/\/speakingred.de\/index.php?rest_route=\/tribe\/events\/v1\/events\/148","title":"Islamische Dachverb\u00e4nde: wo reaktion\u00e4re Religionsverst\u00e4ndnisse in Reibung mit der Demokratie kommen","description":"<p>In Deutschland stellen einzelne Dachverb\u00e4nde weiter den Anspruch f\u00fcr alle Muslim*innen im Land zu sprechen, wobei sie statistisch nur max.\u00a020% dieser vertreten.\u00a0Ob nun Ditib, der selbsternannte Zentralrat der Muslime oder der Islamrat, sie alle verkaufen sich in der \u00d6ffentlichkeit als demokratische Organisationen und haben doch, laut diverser Expert*innen und staatlicher \u00c4mter, Verbindungen zu Organisationen wie der islamistischen AKP, der Mill\u00ee G\u00f6r\u00fc\u015f-Bewegung, dem iranischen Gottesstaat oder dem Spektrum der Grauen W\u00f6lfe. Dabei kann Antisemitismus als Wesensmerkmal islamistischer Bewegungen, insbesondere des Regimes im Iran, beschrieben werden.<br \/>\nWer oder was sind die Akteur*innen, die Bund und L\u00e4nder als Integrationspartner*innen gelten, und gleichzeitig in vielen ihrer Gemeinden ein reaktion\u00e4r-politisches Islamverst\u00e4ndnis propagieren, welches regelm\u00e4\u00dfig in Reibung mit den Menschenrechten kommt?\u00a0Ein Blick hinter die Kulissen von drei der vier islamischen Dachverb\u00e4nde.<\/p>\n<p>Zu unserem Referenten:<br \/>\nSchmalle ist ein Blogger aus dem Ruhrgebiet, der hauptberuflich als staatlich anerkannter Erzieher mit jungen Erwachsenen arbeitet, insbesondere mit Muslim*innen und Gefl\u00fcchteten. Auch privat engagiert er sich seit Jahren im Integrationsbereich, schreibt f\u00fcr den Humanistischen Pressedienst (HPD) und h\u00e4lt deutschlandweit kritische Vortr\u00e4ge zu den Themen religi\u00f6ser Fundamentalismus und Nationalismus. Er betreibt den Blog Schmalle und die Welt.<\/p>\n<p>Die Veranstaltung findet im Rahmen der Bildungs- und Aktionswochen gegen Antisemitismus 2022 statt.<\/p>","excerpt":"","slug":"islamische-dachverbaende-zwischen-antisemitismus-und-islamismus","image":{"url":"https:\/\/speakingred.de\/wp-content\/uploads\/2022\/09\/Schmalle-Insta.png","id":165,"extension":"png","width":1080,"height":1080,"filesize":116500,"sizes":{"medium":{"width":300,"height":300,"mime-type":"image\/png","filesize":47550,"url":"https:\/\/speakingred.de\/wp-content\/uploads\/2022\/09\/Schmalle-Insta-300x300.png"},"large":{"width":1024,"height":1024,"mime-type":"image\/png","filesize":223419,"url":"https:\/\/speakingred.de\/wp-content\/uploads\/2022\/09\/Schmalle-Insta-1024x1024.png"},"thumbnail":{"width":150,"height":150,"mime-type":"image\/png","filesize":17677,"url":"https:\/\/speakingred.de\/wp-content\/uploads\/2022\/09\/Schmalle-Insta-150x150.png"},"medium_large":{"width":768,"height":768,"mime-type":"image\/png","filesize":165433,"url":"https:\/\/speakingred.de\/wp-content\/uploads\/2022\/09\/Schmalle-Insta-768x768.png"}}},"all_day":false,"start_date":"2022-10-08 16:00:00","start_date_details":{"year":"2022","month":"10","day":"08","hour":"16","minutes":"00","seconds":"00"},"end_date":"2022-10-08 17:30:00","end_date_details":{"year":"2022","month":"10","day":"08","hour":"17","minutes":"30","seconds":"00"},"utc_start_date":"2022-10-08 14:00:00","utc_start_date_details":{"year":"2022","month":"10","day":"08","hour":"14","minutes":"00","seconds":"00"},"utc_end_date":"2022-10-08 15:30:00","utc_end_date_details":{"year":"2022","month":"10","day":"08","hour":"15","minutes":"30","seconds":"00"},"timezone":"Europe\/Berlin","timezone_abbr":"CEST","cost":"Free","cost_details":{"currency_symbol":"","currency_code":"","currency_position":"prefix","values":["0"]},"website":"","show_map":true,"show_map_link":true,"hide_from_listings":false,"sticky":false,"featured":false,"categories":[],"tags":[],"venue":{"id":63,"author":"1","status":"publish","date":"2022-07-22 11:45:05","date_utc":"2022-07-22 09:45:05","modified":"2022-07-22 11:45:05","modified_utc":"2022-07-22 09:45:05","url":"https:\/\/speakingred.de\/?tribe_venue=archiv-potsdam","venue":"Archiv Potsdam","slug":"archiv-potsdam","address":"Leipziger Stra\u00dfe 60","city":"Potsdam","country":"Deutschland","province":"Brandeburg","zip":"14473","website":"https:\/\/archiv-potsdam.de\/","stateprovince":"Brandeburg","json_ld":{"@type":"Place","name":"Archiv Potsdam","description":"","url":"","address":{"@type":"PostalAddress","streetAddress":"Leipziger Stra\u00dfe 60","addressLocality":"Potsdam","addressRegion":"Brandeburg","postalCode":"14473","addressCountry":"Deutschland"},"telephone":"","sameAs":"https:\/\/archiv-potsdam.de\/"},"show_map":true,"show_map_link":true,"global_id":"speakingred.de?id=63","global_id_lineage":["speakingred.de?id=63"]},"organizer":[{"id":64,"author":"1","status":"publish","date":"2022-07-22 11:45:05","date_utc":"2022-07-22 09:45:05","modified":"2022-07-22 11:45:05","modified_utc":"2022-07-22 09:45:05","url":"https:\/\/speakingred.de\/?tribe_organizer=speaking-red","organizer":"speaking.red","slug":"speaking-red","website":"speakingred.de","email":"speaking_red@riseup.net","json_ld":{"@type":"Person","name":"speaking.red","description":"","url":"http:\/\/speakingred.de","telephone":"","email":"s&#112;ea&#107;in&#103;_r&#101;d&#64;r&#105;se&#117;&#112;&#46;&#110;e&#116;","sameAs":"http:\/\/speakingred.de"},"global_id":"speakingred.de?id=64","global_id_lineage":["speakingred.de?id=64"]}],"json_ld":{"@context":"http:\/\/schema.org","@type":"Event","name":"Islamische Dachverb\u00e4nde: wo reaktion\u00e4re Religionsverst\u00e4ndnisse in Reibung mit der Demokratie kommen","description":"&lt;p&gt;In Deutschland stellen einzelne Dachverb\u00e4nde weiter den Anspruch f\u00fcr alle Muslim*innen im Land zu sprechen, wobei sie statistisch nur max.\u00a020% dieser vertreten.\u00a0Ob nun Ditib, der selbsternannte Zentralrat der Muslime oder [&hellip;]&lt;\/p&gt;\\n","image":"https:\/\/speakingred.de\/wp-content\/uploads\/2022\/09\/Schmalle-Insta.png","url":"https:\/\/speakingred.de\/?tribe_events=islamische-dachverbaende-zwischen-antisemitismus-und-islamismus","eventAttendanceMode":"https:\/\/schema.org\/OfflineEventAttendanceMode","startDate":"2022-10-08T16:00:00+02:00","endDate":"2022-10-08T17:30:00+02:00","location":{"@type":"Place","name":"Archiv Potsdam","description":"","url":"","address":{"@type":"PostalAddress","streetAddress":"Leipziger Stra\u00dfe 60","addressLocality":"Potsdam","addressRegion":"Brandeburg","postalCode":"14473","addressCountry":"Deutschland"},"telephone":"","sameAs":"https:\/\/archiv-potsdam.de\/"},"organizer":{"@type":"Person","name":"speaking.red","description":"","url":"http:\/\/speakingred.de","telephone":"","email":"&#115;pe&#97;&#107;&#105;&#110;g_&#114;&#101;&#100;&#64;&#114;&#105;&#115;&#101;&#117;p&#46;n&#101;&#116;","sameAs":"http:\/\/speakingred.de"},"offers":{"@type":"Offer","price":"Free","priceCurrency":"EUR","url":"https:\/\/speakingred.de\/?tribe_events=islamische-dachverbaende-zwischen-antisemitismus-und-islamismus","category":"primary","availability":"inStock","validFrom":"2022-08-18T00:00:00+00:00"},"performer":"Organization"}}